{"isSuccessful":true,"message":"Polo\u017eka <span class=\"fw-semibold\" id=\"favProductName\">Up\u00ednac\u00ed popruh s r\u00e1\u010dnou, 2t*8m, oran\u017eov\u00fd<\/span> byla \u00fasp\u011b\u0161n\u011b p\u0159id\u00e1na do obl\u00edben\u00fdch produkt\u016f.","link":"\/oblibene-produkty"}