{"isSuccessful":true,"message":"Polo\u017eka <span class=\"fw-semibold\" id=\"favProductName\">Po\u0159ada\u010d A4, \u0161anon 7,5cm s p\u00e1kou, \u010dern\u00fd<\/span> byla \u00fasp\u011b\u0161n\u011b p\u0159id\u00e1na do obl\u00edben\u00fdch produkt\u016f.","link":"\/oblibene-produkty"}