{"isSuccessful":true,"message":"Polo\u017eka <span class=\"fw-semibold\" id=\"favProductName\">Obchodn\u00ed ta\u0161ka B4 s k\u0159\u00ed\u017eov\u00fdm dnem, 250*353 mm<\/span> byla \u00fasp\u011b\u0161n\u011b p\u0159id\u00e1na do obl\u00edben\u00fdch produkt\u016f.","link":"\/oblibene-produkty"}