{"isSuccessful":true,"message":"Polo\u017eka <span class=\"fw-semibold\" id=\"favProductName\">Ta\u0161ka v\u00e1no\u010dn\u00ed, Pt\u00e1\u010dci 24*11*33 cm, hn\u011bd\u00fd kraftov\u00fd pap\u00edr 90g<\/span> byla \u00fasp\u011b\u0161n\u011b p\u0159id\u00e1na do obl\u00edben\u00fdch produkt\u016f.","link":"\/oblibene-produkty"}