{"isSuccessful":true,"message":"Polo\u017eka <span class=\"fw-semibold\" id=\"favProductName\">Voz\u00edk pod p\u0159epravky 800*600 mm, 2 oto\u010dn\u00e1 a 2 pevn\u00e1 kole\u010dka<\/span> byla \u00fasp\u011b\u0161n\u011b p\u0159id\u00e1na do obl\u00edben\u00fdch produkt\u016f.","link":"\/oblibene-produkty"}